{"id":771,"date":"2024-10-07T15:26:55","date_gmt":"2024-10-07T18:26:55","guid":{"rendered":"https:\/\/desenvolvimento.l9propaganda.com.br\/polocasaarte\/?p=771"},"modified":"2024-10-07T17:42:54","modified_gmt":"2024-10-07T20:42:54","slug":"pedras-na-decoracao","status":"publish","type":"post","link":"https:\/\/desenvolvimento.l9propaganda.com.br\/polocasaarte\/2024\/10\/07\/pedras-na-decoracao\/","title":{"rendered":"Pedras na decora\u00e7\u00e3o"},"content":{"rendered":"\n<p>As pedras decorativas oferecem uma ampla gama de aplica\u00e7\u00f5es em ambientes residenciais, destacando-se pela sua versatilidade.&nbsp;<\/p>\n\n\n\n<p>Elas podem ser empregadas tanto em \u00e1reas externas, como revestimento de fachadas, pavimentos e varandas, quanto no interior da casa, incluindo banheiros, cozinhas, adegas e salas.&nbsp;<\/p>\n\n\n\n<p>Descubra os principais tipos e sugest\u00f5es para incorpor\u00e1-las em toda a resid\u00eancia.<\/p>\n\n\n\n<p><strong>Pedra S\u00e3o Tom\u00e9<\/strong><\/p>\n\n\n\n<p>Extra\u00edda em S\u00e3o Tom\u00e9 das Letras, esta pedra \u00e9 ideal para criar ambientes r\u00fasticos, podendo ser aplicada tanto no piso quanto nas paredes internas ou externas. Sua popularidade se estende a bordas de piscinas e pisos para quintal devido \u00e0 sua caracter\u00edstica t\u00e9rmica, antiderrapante e resistente.<\/p>\n\n\n\n<p><strong>Pedra Portuguesa<\/strong><\/p>\n\n\n\n<p>Essa pedra possui formas irregulares e diversas cores, sendo amplamente utilizada na pavimenta\u00e7\u00e3o de \u00e1reas externas devido \u00e0 sua resist\u00eancia, facilidade de limpeza e praticidade na cria\u00e7\u00e3o de desenhos e formatos. Pode ser igualmente empregada em ambientes internos, decorando pisos e paredes.<\/p>\n\n\n\n<p><strong>Pedra Ferro<\/strong><\/p>\n\n\n\n<p>De origem vulc\u00e2nica, a Pedra Ferro possui um visual marcante que destaca fachadas modernas e muros residenciais, sendo tamb\u00e9m empregada como revestimento interno para destacar lareiras, churrasqueiras e pain\u00e9is.<\/p>\n\n\n\n<p><strong>Pedra Moledo<\/strong><\/p>\n\n\n\n<p>Conhecida por seu visual r\u00fastico e poroso, a Pedra Moledo \u00e9 indicada para quem busca uma apar\u00eancia natural. Suas nuances de tons terrosos e acinzentados, com varia\u00e7\u00f5es de marrom, cinza e verde, a tornam ideal para revestir paredes externas, banheiros e detalhes decorativos em salas e quartos, proporcionando uma atmosfera aconchegante e harmoniosa.<\/p>\n\n\n\n<p><strong>Pedra Ard\u00f3sia<\/strong><\/p>\n\n\n\n<p>Material de baixo custo e alta resist\u00eancia, a ard\u00f3sia \u00e9 utilizada para revestir paredes e pisos. Por\u00e9m, n\u00e3o \u00e9 recomendada para \u00e1reas externas devido \u00e0 sua tend\u00eancia a tornar-se escorregadia em contato com a \u00e1gua. Sua aplica\u00e7\u00e3o mais comum \u00e9 em paredes e pisos internos, fachadas, bancadas de cozinha ou banheiro e soleiras.<\/p>\n\n\n\n<p><strong>Pedra Madeira<\/strong><\/p>\n\n\n\n<p>Amplamente utilizada em projetos arquitet\u00f4nicos, a Pedra Madeira recebe esse nome devido \u00e0 sua cor amarelada e textura que imita a madeira. Resistente, dur\u00e1vel e de baixa manuten\u00e7\u00e3o, proporciona um efeito r\u00fastico e elegante \u00e0 decora\u00e7\u00e3o, sendo indicada para fachadas, paredes internas e \u00e1reas de piscinas devido \u00e0 sua caracter\u00edstica antiderrapante.<\/p>\n\n\n\n<p>Profissional, j\u00e1 utilizou alguma dessas pedras em seus projetos? Compartilhe conosco o seu trabalho!<\/p>\n\n\n<div class=\"taxonomy-post_tag wp-block-post-terms\"><span class=\"wp-block-post-terms__prefix\">Tags: <\/span><a href=\"https:\/\/desenvolvimento.l9propaganda.com.br\/polocasaarte\/tag\/arquitetura\/\" rel=\"tag\">Arquitetura<\/a><span class=\"wp-block-post-terms__separator\">, <\/span><a href=\"https:\/\/desenvolvimento.l9propaganda.com.br\/polocasaarte\/tag\/decoracao\/\" rel=\"tag\">Decora\u00e7\u00e3o<\/a><\/div>","protected":false},"excerpt":{"rendered":"<p>As pedras decorativas oferecem uma ampla gama de aplica\u00e7\u00f5es em ambientes residenciais, destacando-se pela sua versatilidade.&nbsp; Elas podem ser empregadas tanto em \u00e1reas externas, como revestimento de fachadas, pavimentos e varandas, quanto no interior da casa, incluindo banheiros, cozinhas, adegas e salas.&nbsp; Descubra os principais tipos e sugest\u00f5es para incorpor\u00e1-las em toda a resid\u00eancia. Pedra [&hellip;]<\/p>\n","protected":false},"author":2,"featured_media":780,"comment_status":"open","ping_status":"open","sticky":false,"template":"","format":"standard","meta":{"footnotes":""},"categories":[11],"tags":[17,20],"class_list":["post-771","post","type-post","status-publish","format-standard","has-post-thumbnail","hentry","category-decoracao","tag-arquitetura","tag-decoracao"],"_links":{"self":[{"href":"https:\/\/desenvolvimento.l9propaganda.com.br\/polocasaarte\/wp-json\/wp\/v2\/posts\/771","targetHints":{"allow":["GET"]}}],"collection":[{"href":"https:\/\/desenvolvimento.l9propaganda.com.br\/polocasaarte\/wp-json\/wp\/v2\/posts"}],"about":[{"href":"https:\/\/desenvolvimento.l9propaganda.com.br\/polocasaarte\/wp-json\/wp\/v2\/types\/post"}],"author":[{"embeddable":true,"href":"https:\/\/desenvolvimento.l9propaganda.com.br\/polocasaarte\/wp-json\/wp\/v2\/users\/2"}],"replies":[{"embeddable":true,"href":"https:\/\/desenvolvimento.l9propaganda.com.br\/polocasaarte\/wp-json\/wp\/v2\/comments?post=771"}],"version-history":[{"count":2,"href":"https:\/\/desenvolvimento.l9propaganda.com.br\/polocasaarte\/wp-json\/wp\/v2\/posts\/771\/revisions"}],"predecessor-version":[{"id":817,"href":"https:\/\/desenvolvimento.l9propaganda.com.br\/polocasaarte\/wp-json\/wp\/v2\/posts\/771\/revisions\/817"}],"wp:featuredmedia":[{"embeddable":true,"href":"https:\/\/desenvolvimento.l9propaganda.com.br\/polocasaarte\/wp-json\/wp\/v2\/media\/780"}],"wp:attachment":[{"href":"https:\/\/desenvolvimento.l9propaganda.com.br\/polocasaarte\/wp-json\/wp\/v2\/media?parent=771"}],"wp:term":[{"taxonomy":"category","embeddable":true,"href":"https:\/\/desenvolvimento.l9propaganda.com.br\/polocasaarte\/wp-json\/wp\/v2\/categories?post=771"},{"taxonomy":"post_tag","embeddable":true,"href":"https:\/\/desenvolvimento.l9propaganda.com.br\/polocasaarte\/wp-json\/wp\/v2\/tags?post=771"}],"curies":[{"name":"wp","href":"https:\/\/api.w.org\/{rel}","templated":true}]}}