{"id":788,"date":"2024-10-07T16:03:30","date_gmt":"2024-10-07T19:03:30","guid":{"rendered":"https:\/\/desenvolvimento.l9propaganda.com.br\/polocasaarte\/?p=788"},"modified":"2024-10-07T17:37:47","modified_gmt":"2024-10-07T20:37:47","slug":"design-modular-dicas-para-incluir-em-seu-projeto","status":"publish","type":"post","link":"https:\/\/desenvolvimento.l9propaganda.com.br\/polocasaarte\/2024\/10\/07\/design-modular-dicas-para-incluir-em-seu-projeto\/","title":{"rendered":"Design Modular: dicas para incluir em seu projeto."},"content":{"rendered":"\n<p>O princ\u00edpio do design modular pode ser aplicado em diversas situa\u00e7\u00f5es, proporcionando dinamismo para aqueles que buscam solu\u00e7\u00f5es de organiza\u00e7\u00e3o de ambientes. Dividir um sistema em partes menores, conhecidas como m\u00f3dulos, oferece vantagens not\u00e1veis.<\/p>\n\n\n\n<p>Ao escolher m\u00f3veis para a sala, quartos ou cozinha, considerar os conceitos do design modular \u00e9 uma decis\u00e3o inteligente. O diferencial significativo desse estilo reside na diversidade de montagens das pe\u00e7as, permitindo a cria\u00e7\u00e3o de v\u00e1rias possibilidades. Isso facilita a realiza\u00e7\u00e3o de mudan\u00e7as com tranquilidade, como remo\u00e7\u00f5es ou inclus\u00f5es de novos m\u00f3dulos.<\/p>\n\n\n\n<p>Listamos abaixo algumas dicas necess\u00e1rias para essa abordagem, que incluem:<\/p>\n\n\n\n<ul class=\"wp-block-list\">\n<li>Avaliar o espa\u00e7o dispon\u00edvel e o uso pretendido para o m\u00f3vel modular;<\/li>\n\n\n\n<li>Estudar o ambiente e considerar op\u00e7\u00f5es de adequa\u00e7\u00e3o e readequa\u00e7\u00e3o do m\u00f3vel;<\/li>\n\n\n\n<li>Escolher pe\u00e7as minimalistas que combinem com v\u00e1rios ambientes da casa;<\/li>\n\n\n\n<li>Prestar aten\u00e7\u00e3o \u00e0s cores, preferindo tonalidades neutras que harmonizem com a decora\u00e7\u00e3o;<\/li>\n\n\n\n<li>Priorizar pe\u00e7as modulares fabricadas com mat\u00e9ria-prima de alta qualidade para garantir maior durabilidade.<\/li>\n<\/ul>\n\n\n\n<p>Incorporar o design modular \u00e9 uma excelente op\u00e7\u00e3o para aqueles que buscam realizar mudan\u00e7as frequentes nos ambientes. \u00c9 crucial utilizar as pe\u00e7as de maneira inteligente, otimizando os espa\u00e7os e planejando um local harmonioso e funcional.<\/p>\n\n\n\n<p>Profissional, j\u00e1 incluiu esse design em seus projetos? Compartilhe conosco sua experi\u00eancia e opini\u00e3o.<\/p>\n\n\n<div class=\"taxonomy-post_tag wp-block-post-terms\"><span class=\"wp-block-post-terms__prefix\">Tags: <\/span><a href=\"https:\/\/desenvolvimento.l9propaganda.com.br\/polocasaarte\/tag\/arquitetura\/\" rel=\"tag\">Arquitetura<\/a><span class=\"wp-block-post-terms__separator\">, <\/span><a href=\"https:\/\/desenvolvimento.l9propaganda.com.br\/polocasaarte\/tag\/decoracao\/\" rel=\"tag\">Decora\u00e7\u00e3o<\/a><\/div>","protected":false},"excerpt":{"rendered":"<p>O princ\u00edpio do design modular pode ser aplicado em diversas situa\u00e7\u00f5es, proporcionando dinamismo para aqueles que buscam solu\u00e7\u00f5es de organiza\u00e7\u00e3o de ambientes. Dividir um sistema em partes menores, conhecidas como m\u00f3dulos, oferece vantagens not\u00e1veis. Ao escolher m\u00f3veis para a sala, quartos ou cozinha, considerar os conceitos do design modular \u00e9 uma decis\u00e3o inteligente. O diferencial [&hellip;]<\/p>\n","protected":false},"author":2,"featured_media":789,"comment_status":"open","ping_status":"open","sticky":false,"template":"","format":"standard","meta":{"footnotes":""},"categories":[12],"tags":[17,20],"class_list":["post-788","post","type-post","status-publish","format-standard","has-post-thumbnail","hentry","category-design","tag-arquitetura","tag-decoracao"],"_links":{"self":[{"href":"https:\/\/desenvolvimento.l9propaganda.com.br\/polocasaarte\/wp-json\/wp\/v2\/posts\/788","targetHints":{"allow":["GET"]}}],"collection":[{"href":"https:\/\/desenvolvimento.l9propaganda.com.br\/polocasaarte\/wp-json\/wp\/v2\/posts"}],"about":[{"href":"https:\/\/desenvolvimento.l9propaganda.com.br\/polocasaarte\/wp-json\/wp\/v2\/types\/post"}],"author":[{"embeddable":true,"href":"https:\/\/desenvolvimento.l9propaganda.com.br\/polocasaarte\/wp-json\/wp\/v2\/users\/2"}],"replies":[{"embeddable":true,"href":"https:\/\/desenvolvimento.l9propaganda.com.br\/polocasaarte\/wp-json\/wp\/v2\/comments?post=788"}],"version-history":[{"count":2,"href":"https:\/\/desenvolvimento.l9propaganda.com.br\/polocasaarte\/wp-json\/wp\/v2\/posts\/788\/revisions"}],"predecessor-version":[{"id":812,"href":"https:\/\/desenvolvimento.l9propaganda.com.br\/polocasaarte\/wp-json\/wp\/v2\/posts\/788\/revisions\/812"}],"wp:featuredmedia":[{"embeddable":true,"href":"https:\/\/desenvolvimento.l9propaganda.com.br\/polocasaarte\/wp-json\/wp\/v2\/media\/789"}],"wp:attachment":[{"href":"https:\/\/desenvolvimento.l9propaganda.com.br\/polocasaarte\/wp-json\/wp\/v2\/media?parent=788"}],"wp:term":[{"taxonomy":"category","embeddable":true,"href":"https:\/\/desenvolvimento.l9propaganda.com.br\/polocasaarte\/wp-json\/wp\/v2\/categories?post=788"},{"taxonomy":"post_tag","embeddable":true,"href":"https:\/\/desenvolvimento.l9propaganda.com.br\/polocasaarte\/wp-json\/wp\/v2\/tags?post=788"}],"curies":[{"name":"wp","href":"https:\/\/api.w.org\/{rel}","templated":true}]}}