{"id":791,"date":"2024-10-07T16:06:47","date_gmt":"2024-10-07T19:06:47","guid":{"rendered":"https:\/\/desenvolvimento.l9propaganda.com.br\/polocasaarte\/?p=791"},"modified":"2024-10-07T17:37:07","modified_gmt":"2024-10-07T20:37:07","slug":"arquitetura-inclusiva","status":"publish","type":"post","link":"https:\/\/desenvolvimento.l9propaganda.com.br\/polocasaarte\/2024\/10\/07\/arquitetura-inclusiva\/","title":{"rendered":"Arquitetura inclusiva"},"content":{"rendered":"\n<p>A arquitetura inclusiva est\u00e1 diretamente relacionada com o conceito de Desenho Universal, ou seja, a ideia de que todas as constru\u00e7\u00f5es e seus equipamentos devem ser utilizados por todas as pessoas, independentemente de idade, g\u00eanero e caracter\u00edsticas f\u00edsicas.<\/p>\n\n\n\n<p>A cria\u00e7\u00e3o de projetos inclusivos traz um impacto muito positivo para a sociedade: o de aumentar a diversidade nos espa\u00e7os e possibilitar o acesso, o conforto e a dignidade de todos os cidad\u00e3os aos ambientes. Unir arquitetura e acessibilidade \u00e9 uma forma de combater o capacitismo e integrar, cada vez mais, essas pessoas \u00e0 sociedade.&nbsp;<\/p>\n\n\n\n<p>Uma equipe que vai planejar um espa\u00e7o pensando em acessibilidade e inclus\u00e3o deve pensar, primordialmente, em seus usu\u00e1rios. No caso de um espa\u00e7o p\u00fablico, para al\u00e9m de atender \u00e0 legisla\u00e7\u00e3o vigente, \u00e9 essencial levar em considera\u00e7\u00e3o:<\/p>\n\n\n\n<ul class=\"wp-block-list\">\n<li>se as pessoas conseguir\u00e3o explorar o espa\u00e7o com independ\u00eancia e autonomia;<\/li>\n\n\n\n<li>se os usu\u00e1rios ter\u00e3o uma experi\u00eancia confort\u00e1vel e segura;<\/li>\n\n\n\n<li>se todas as necessidades de uso do espa\u00e7o foram pensadas;<\/li>\n\n\n\n<li>se os obst\u00e1culos foram evitados.<\/li>\n<\/ul>\n\n\n\n<p>A NBR 9050\/2004 traz refer\u00eancias, defini\u00e7\u00f5es e par\u00e2metros que garantem a acessibilidade \u00e0s edifica\u00e7\u00f5es, mobili\u00e1rios e espa\u00e7os urbanos. Algumas das boas pr\u00e1ticas para arquitetura inclusiva s\u00e3o:<\/p>\n\n\n\n<ul class=\"wp-block-list\">\n<li>sinaliza\u00e7\u00e3o em braile para bot\u00f5es e placas;<\/li>\n\n\n\n<li>piso com sinaliza\u00e7\u00e3o t\u00e1til;<\/li>\n\n\n\n<li>corredores, elevadores e portas pensados para atender pessoas com mobilidade reduzida;<\/li>\n\n\n\n<li>pisos antiderrapantes;<\/li>\n\n\n\n<li>interruptores e bot\u00f5es em altura acess\u00edvel;<\/li>\n\n\n\n<li>circula\u00e7\u00e3o livre de barreiras;<\/li>\n\n\n\n<li>corrim\u00e3os e barras de apoio;<\/li>\n\n\n\n<li>estacionamentos reservados para gestantes, idosos e pessoas com defici\u00eancia, posicionados mais pr\u00f3ximos \u00e0s entradas.<\/li>\n<\/ul>\n\n\n\n<p>Profissional, j\u00e1 fez uso da NBR 9050 em algum projeto? Compartilhe conosco sua experi\u00eancia.<\/p>\n\n\n<div class=\"taxonomy-post_tag wp-block-post-terms\"><span class=\"wp-block-post-terms__prefix\">Tags: <\/span><a href=\"https:\/\/desenvolvimento.l9propaganda.com.br\/polocasaarte\/tag\/acessibilidade\/\" rel=\"tag\">Acessibilidade<\/a><span class=\"wp-block-post-terms__separator\">, <\/span><a href=\"https:\/\/desenvolvimento.l9propaganda.com.br\/polocasaarte\/tag\/design\/\" rel=\"tag\">Design<\/a><\/div>","protected":false},"excerpt":{"rendered":"<p>A arquitetura inclusiva est\u00e1 diretamente relacionada com o conceito de Desenho Universal, ou seja, a ideia de que todas as constru\u00e7\u00f5es e seus equipamentos devem ser utilizados por todas as pessoas, independentemente de idade, g\u00eanero e caracter\u00edsticas f\u00edsicas. A cria\u00e7\u00e3o de projetos inclusivos traz um impacto muito positivo para a sociedade: o de aumentar a [&hellip;]<\/p>\n","protected":false},"author":2,"featured_media":793,"comment_status":"open","ping_status":"open","sticky":false,"template":"","format":"standard","meta":{"footnotes":""},"categories":[12],"tags":[27,26],"class_list":["post-791","post","type-post","status-publish","format-standard","has-post-thumbnail","hentry","category-design","tag-acessibilidade","tag-design"],"_links":{"self":[{"href":"https:\/\/desenvolvimento.l9propaganda.com.br\/polocasaarte\/wp-json\/wp\/v2\/posts\/791","targetHints":{"allow":["GET"]}}],"collection":[{"href":"https:\/\/desenvolvimento.l9propaganda.com.br\/polocasaarte\/wp-json\/wp\/v2\/posts"}],"about":[{"href":"https:\/\/desenvolvimento.l9propaganda.com.br\/polocasaarte\/wp-json\/wp\/v2\/types\/post"}],"author":[{"embeddable":true,"href":"https:\/\/desenvolvimento.l9propaganda.com.br\/polocasaarte\/wp-json\/wp\/v2\/users\/2"}],"replies":[{"embeddable":true,"href":"https:\/\/desenvolvimento.l9propaganda.com.br\/polocasaarte\/wp-json\/wp\/v2\/comments?post=791"}],"version-history":[{"count":2,"href":"https:\/\/desenvolvimento.l9propaganda.com.br\/polocasaarte\/wp-json\/wp\/v2\/posts\/791\/revisions"}],"predecessor-version":[{"id":811,"href":"https:\/\/desenvolvimento.l9propaganda.com.br\/polocasaarte\/wp-json\/wp\/v2\/posts\/791\/revisions\/811"}],"wp:featuredmedia":[{"embeddable":true,"href":"https:\/\/desenvolvimento.l9propaganda.com.br\/polocasaarte\/wp-json\/wp\/v2\/media\/793"}],"wp:attachment":[{"href":"https:\/\/desenvolvimento.l9propaganda.com.br\/polocasaarte\/wp-json\/wp\/v2\/media?parent=791"}],"wp:term":[{"taxonomy":"category","embeddable":true,"href":"https:\/\/desenvolvimento.l9propaganda.com.br\/polocasaarte\/wp-json\/wp\/v2\/categories?post=791"},{"taxonomy":"post_tag","embeddable":true,"href":"https:\/\/desenvolvimento.l9propaganda.com.br\/polocasaarte\/wp-json\/wp\/v2\/tags?post=791"}],"curies":[{"name":"wp","href":"https:\/\/api.w.org\/{rel}","templated":true}]}}